{"id":8784,"date":"2020-01-30T12:03:31","date_gmt":"2020-01-30T12:03:31","guid":{"rendered":"https:\/\/victorc170.sg-host.com\/la-fantasia-no-te-edat\/"},"modified":"2025-03-07T12:18:20","modified_gmt":"2025-03-07T12:18:20","slug":"la-fantasia-no-te-edat","status":"publish","type":"post","link":"https:\/\/mondomomo.com\/ca\/la-fantasia-no-te-edat\/","title":{"rendered":"La fantasia no t\u00e9 edat"},"content":{"rendered":"\n<figure class=\"wp-block-image size-full\"><img loading=\"lazy\" decoding=\"async\" width=\"768\" height=\"512\" src=\"https:\/\/mondomomo.com\/wp-content\/uploads\/2025\/03\/180131_MondoMomo_609-2_ef312afe9db40990ea531b03e9c085c4-768x512-1.jpg\" alt=\"\" class=\"wp-image-8684\" srcset=\"https:\/\/mondomomo.com\/wp-content\/uploads\/2025\/03\/180131_MondoMomo_609-2_ef312afe9db40990ea531b03e9c085c4-768x512-1.jpg 768w, https:\/\/mondomomo.com\/wp-content\/uploads\/2025\/03\/180131_MondoMomo_609-2_ef312afe9db40990ea531b03e9c085c4-768x512-1-480x320.jpg 480w\" sizes=\"(min-width: 0px) and (max-width: 480px) 480px, (min-width: 481px) 768px, 100vw\" \/><\/figure>\n\n<p><span style=\"font-size: 18pt;\">S\u00f3n com nens i nenes! Amb tota la saviesa dels anys\u2026 \u00e9s un plaer comprovar com conserven intacta la capacitat de sorpresa, la imaginaci\u00f3 i les ganes de jugar. <\/span><\/p>\n\n<p><span style=\"font-size: 18pt;\">Ens van demanar un xou de titelles infantil amb animaci\u00f3, m\u00e0gia i m\u00fasica a Palafrugell com el que hem fet tantes vegades a Barcelona i rodalies. Un xou divertit, en qu\u00e8 expliquem una hist\u00f2ria de forma desenfadada: la hist\u00f2ria avan\u00e7a entre aparicions de marionetes al nostre teatrit, narracions per part dels animadors, jocs, can\u00e7ons i trucs de m\u00e0gia i tenen sempre molt bona acollida. Pensem fer-ho aix\u00ed per poder atrapar la imaginaci\u00f3 de nens i nenes de totes les edats i poder anar un pas m\u00e9s enll\u00e0 dels de titelles de guant m\u00e9s tradicionals.  <\/span><\/p>\n\n<p><span style=\"font-size: 18pt;\">Per\u00f2 aquesta vegada la petici\u00f3 tenia una excepci\u00f3 molt especial: no hi hauria nens, ni nenes\u2026 de fet la persona m\u00e9s jove que tindr\u00edem com a p\u00fablic tindria una mica m\u00e9s de 65 anys. Volien aquest mateix <span style=\"color: #008000;\"><a style=\"color: #008000;\" href=\"https:\/\/mondomomo.com\/entidades\/\">espectacle de titelles amb animaci\u00f3<\/a><\/span> per a la Llar d&#8217;Avis: no volem que se sentin infantilitzats\u201d ens van dir. Aix\u00f2 estava b\u00e9 ja que a Mondo Momo no solem \u201cinfantilitzar\u201d els nens i nenes ens prenem la diversi\u00f3 infantil \u201cmolt de deb\u00f2\u201d.  <\/span><\/p>\n\n<p><span style=\"font-size: 18pt;\">Canviem algunes coses de l&#8217;espectacle: calia fer petites adaptacions i sobretot eliminar tots els balls que solem fer al final de les nostres animacions, ja que molts assistents tindrien mobilitat redu\u00efda. Est\u00e0vem una mica nerviosos. Per\u00f2 aix\u00ed que comencem amb la narraci\u00f3 i escoltem les primeres rialles vam entendre que all\u00f2 marxaria molt b\u00e9\u2026 millor que b\u00e9.  <\/span><\/p>\n\n<p><span style=\"font-size: 18pt;\">Ens sembla que els p\u00fablics s\u00f3n molt diferents segons l&#8217;edat que tinguin\u2026 per\u00f2 quan trobes alguna cosa que va directa al cor, els sentiments no tenen edats. Moltes gr\u00e0cies Palafrugell. <\/span><\/p>\n","protected":false},"excerpt":{"rendered":"<p>S\u00f3n com nens i nenes! Amb tota la saviesa dels anys\u2026 \u00e9s un plaer comprovar com conserven intacta la capacitat de sorpresa, la imaginaci\u00f3 i les ganes de jugar. Ens van demanar un xou de titelles infantil amb animaci\u00f3, m\u00e0gia i m\u00fasica a Palafrugell com el que hem fet tantes vegades a Barcelona i rodalies. [&hellip;]<\/p>\n","protected":false},"author":5,"featured_media":8685,"comment_status":"open","ping_status":"open","sticky":false,"template":"","format":"standard","meta":{"_et_pb_use_builder":"","_et_pb_old_content":"","_et_gb_content_width":"","_themeisle_gutenberg_block_has_review":false,"_joinchat":[],"footnotes":""},"categories":[68],"tags":[108,70,76,106,107,98,109],"class_list":["post-8784","post","type-post","status-publish","format-standard","has-post-thumbnail","hentry","category-mondo-momo","tag-animacio-palafrugell","tag-animacions-infantils-barcelona-ca","tag-animadors","tag-bombolles-de-sabo","tag-bombolles-de-sabo-gegants","tag-titelles","tag-titelles-palafrugell"],"_links":{"self":[{"href":"https:\/\/mondomomo.com\/ca\/wp-json\/wp\/v2\/posts\/8784","targetHints":{"allow":["GET"]}}],"collection":[{"href":"https:\/\/mondomomo.com\/ca\/wp-json\/wp\/v2\/posts"}],"about":[{"href":"https:\/\/mondomomo.com\/ca\/wp-json\/wp\/v2\/types\/post"}],"author":[{"embeddable":true,"href":"https:\/\/mondomomo.com\/ca\/wp-json\/wp\/v2\/users\/5"}],"replies":[{"embeddable":true,"href":"https:\/\/mondomomo.com\/ca\/wp-json\/wp\/v2\/comments?post=8784"}],"version-history":[{"count":1,"href":"https:\/\/mondomomo.com\/ca\/wp-json\/wp\/v2\/posts\/8784\/revisions"}],"predecessor-version":[{"id":8788,"href":"https:\/\/mondomomo.com\/ca\/wp-json\/wp\/v2\/posts\/8784\/revisions\/8788"}],"wp:featuredmedia":[{"embeddable":true,"href":"https:\/\/mondomomo.com\/ca\/wp-json\/wp\/v2\/media\/8685"}],"wp:attachment":[{"href":"https:\/\/mondomomo.com\/ca\/wp-json\/wp\/v2\/media?parent=8784"}],"wp:term":[{"taxonomy":"category","embeddable":true,"href":"https:\/\/mondomomo.com\/ca\/wp-json\/wp\/v2\/categories?post=8784"},{"taxonomy":"post_tag","embeddable":true,"href":"https:\/\/mondomomo.com\/ca\/wp-json\/wp\/v2\/tags?post=8784"}],"curies":[{"name":"wp","href":"https:\/\/api.w.org\/{rel}","templated":true}]}}